{"id":7908,"date":"2020-06-22T15:06:59","date_gmt":"2020-06-22T13:06:59","guid":{"rendered":"https:\/\/www.proid.cz\/pripadova-studie-komplexni-reseni-zamestnanecke-identity-dvoufaktorove-autentizace-a-elektronickych-podpisu-dle-eidas-a-zakona-o-kyberneticke-bezpecnosti\/"},"modified":"2021-06-10T15:30:21","modified_gmt":"2021-06-10T13:30:21","slug":"komplexne-riesenie-zamestnanecke-identity-v-centre-pre-regionalny-rozvoj-cr","status":"publish","type":"post","link":"https:\/\/proid.cz\/sk\/komplexne-riesenie-zamestnanecke-identity-v-centre-pre-regionalny-rozvoj-cr\/","title":{"rendered":"Komplexn\u00e9 rie\u0161enie zamestnaneck\u00e9 identity v&nbsp;Centre pre region\u00e1lny rozvoj \u010cR"},"content":{"rendered":"<p>[vc_row][vc_column][vc_row_inner][vc_column_inner width=&#8221;1\/2&#8243;][vc_single_image image=&#8221;508&#8243; img_size=&#8221;full&#8221;][\/vc_column_inner][vc_column_inner width=&#8221;1\/2&#8243;][vc_column_text]Zaj\u00edm\u00e1 v\u00e1s re\u00e1ln\u00e9 nasazen\u00ed \u010dipov\u00fdch\u00a0karet\u00a0<a href=\"https:\/\/www.proid.cz\/multifunkcni-karta-urednika\/\">ProID+ Q<\/a>\u00a0s kvalifikovan\u00fdm elektronick\u00fdm podpisem? St\u00e1hn\u011bte si p\u0159\u00edpadovou studii, detailn\u011b popisuj\u00edc\u00ed instalaci \u0159e\u0161en\u00ed ProID v\u00a0<strong>Centru pro region\u00e1ln\u00ed rozvoj \u010cR<\/strong>. V&nbsp;publikaci\u00a0najdete \u0159adu rad a&nbsp;technick\u00fdch informac\u00ed, kter\u00e9 v\u00e1m pomohou p\u0159i \u0159e\u0161en\u00ed podobn\u00e9ho projektu i&nbsp;ve va\u0161\u00ed organizaci.<\/p>\n<p>Podrobn\u011b v&nbsp;n\u00ed popisujeme nejen nasazen\u00ed\u00a0<strong>\u010dipov\u00fdch karet<\/strong>, ale i\u00a0<strong>aplikace pro management karet a&nbsp;certifik\u00e1t\u016f<\/strong>. V&nbsp;projektu jsme \u0159e\u0161ili i&nbsp;napojen\u00ed na\u00a0<strong>spisov\u00e9 slu\u017eby<\/strong>\u00a0a\u00a0<strong>v\u00fdstavbu PKI\u00a0<\/strong>\u010di n\u00e1vrhy<strong>\u00a0certifika\u010dn\u00edch autorit.<\/strong>[\/vc_column_text][\/vc_column_inner][\/vc_row_inner][vc_empty_space height=&#8221;50&#8243;][vc_column_text]<\/p>\n<h2 style=\"text-align: center;\">Pro st\u00e1hnut\u00ed studie vypl\u0148te formul\u00e1\u0159<\/h2>\n<p>[\/vc_column_text][vc_empty_space height=&#8221;20&#8243;][vc_row_inner][vc_column_inner width=&#8221;1\/2&#8243;][vc_single_image image=&#8221;3427&#8243; img_size=&#8221;full&#8221; style=&#8221;vc_box_shadow_3d&#8221;][\/vc_column_inner][vc_column_inner width=&#8221;1\/2&#8243;][vc_column_text]\n<div class=\"wpcf7 no-js\" id=\"wpcf7-f1582-o1\" lang=\"cs-CZ\" dir=\"ltr\">\n<div class=\"screen-reader-response\"><p role=\"status\" aria-live=\"polite\" aria-atomic=\"true\"><\/p> <ul><\/ul><\/div>\n<form action=\"\/sk\/wp-json\/wp\/v2\/posts\/7908#wpcf7-f1582-o1\" method=\"post\" class=\"wpcf7-form init\" aria-label=\"Kontaktn\u00ed formul\u00e1\u0159\" novalidate=\"novalidate\" data-status=\"init\">\n<div style=\"display: none;\">\n<input type=\"hidden\" name=\"_wpcf7\" value=\"1582\" \/>\n<input type=\"hidden\" name=\"_wpcf7_version\" value=\"5.7.6\" \/>\n<input type=\"hidden\" name=\"_wpcf7_locale\" value=\"cs_CZ\" \/>\n<input type=\"hidden\" name=\"_wpcf7_unit_tag\" value=\"wpcf7-f1582-o1\" \/>\n<input type=\"hidden\" name=\"_wpcf7_container_post\" value=\"0\" \/>\n<input type=\"hidden\" name=\"_wpcf7_posted_data_hash\" value=\"\" \/>\n<input type=\"hidden\" name=\"_wpcf7_recaptcha_response\" value=\"\" \/>\n<\/div>\n<p><label> Va\u0161e jm\u00e9no (vy\u017eadov\u00e1no)<br \/>\n<span class=\"wpcf7-form-control-wrap\" data-name=\"your-name\"><input size=\"40\" class=\"wpcf7-form-control wpcf7-text wpcf7-validates-as-required\" aria-required=\"true\" aria-invalid=\"false\" value=\"\" type=\"text\" name=\"your-name\" \/><\/span> <\/label>\n<\/p>\n<p><label> V\u00e1\u0161 e-mail (vy\u017eadov\u00e1no)<br \/>\n<span class=\"wpcf7-form-control-wrap\" data-name=\"your-email\"><input size=\"40\" class=\"wpcf7-form-control wpcf7-text wpcf7-email wpcf7-validates-as-required wpcf7-validates-as-email\" aria-required=\"true\" aria-invalid=\"false\" value=\"\" type=\"email\" name=\"your-email\" \/><\/span> <\/label>\n<\/p>\n<p><label> Firma (vy\u017eadov\u00e1no)<br \/>\n<span class=\"wpcf7-form-control-wrap\" data-name=\"your-subject\"><input size=\"40\" class=\"wpcf7-form-control wpcf7-text wpcf7-validates-as-required\" aria-required=\"true\" aria-invalid=\"false\" value=\"\" type=\"text\" name=\"your-subject\" \/><\/span> <\/label>\n<\/p>\n<p>Vypln\u011bn\u00edm formul\u00e1\u0159e souhlas\u00edte se <a href=\"https:\/\/www.monetplus.cz\/zasady-zpracovani-osobnich-udaju\" target=\"_blank\">zpracov\u00e1n\u00ed osobn\u00edch \u00fadaj\u016f<\/a>.\n<\/p>\n<p><input class=\"wpcf7-form-control has-spinner wpcf7-submit\" type=\"submit\" value=\"Odeslat\" \/>\n<\/p><input type='hidden' class='wpcf7-pum' value='{\"closepopup\":false,\"closedelay\":0,\"openpopup\":false,\"openpopup_id\":0}' \/><div class=\"wpcf7-response-output\" aria-hidden=\"true\"><\/div>\n<\/form>\n<\/div>\n[\/vc_column_text][\/vc_column_inner][\/vc_row_inner][vc_empty_space height=&#8221;50&#8243;][\/vc_column][\/vc_row]<\/p>\n","protected":false},"excerpt":{"rendered":"<p>Stiahnite si detailn\u00e9 pr\u00edpadov\u00fa \u0161t\u00fadiu, popisuj\u00faci in\u0161tal\u00e1ciu kartov\u00e9ho centra a&nbsp;mnoh\u00fdch \u010fal\u0161\u00edch funkcional\u00edt v&nbsp;Centre pre region\u00e1lny rozvoj \u010cR.<\/p>\n","protected":false},"author":1,"featured_media":7909,"comment_status":"closed","ping_status":"closed","sticky":false,"template":"","format":"standard","meta":{"episode_type":"","audio_file":"","cover_image":"","cover_image_id":"","duration":"","filesize":"","date_recorded":"","explicit":"","block":"","itunes_episode_number":"","itunes_title":"","itunes_season_number":"","itunes_episode_type":"","filesize_raw":""},"categories":[48,79,80],"tags":[81,82,83,84],"yoast_head":"<!-- This site is optimized with the Yoast SEO plugin v20.6 - https:\/\/yoast.com\/wordpress\/plugins\/seo\/ -->\n<title>Komplexn\u00e9 rie\u0161enie zamestnaneck\u00e9 identity v Centre pre region\u00e1lny rozvoj \u010cR &ndash; ProID<\/title>\n<meta name=\"description\" content=\"Stiahnite si detailn\u00e9 pr\u00edpadov\u00fa \u0161t\u00fadiu, popisuj\u00faci in\u0161tal\u00e1ciu kartov\u00e9ho centra a mnoh\u00fdch \u010fal\u0161\u00edch funkcional\u00edt v Centre pre region\u00e1lny rozvoj \u010cR.\" \/>\n<meta name=\"robots\" content=\"index, follow, max-snippet:-1, max-image-preview:large, max-video-preview:-1\" \/>\n<link rel=\"canonical\" href=\"https:\/\/proid.cz\/sk\/komplexne-riesenie-zamestnanecke-identity-v-centre-pre-regionalny-rozvoj-cr\/\" \/>\n<meta property=\"og:locale\" content=\"sk_SK\" \/>\n<meta property=\"og:type\" content=\"article\" \/>\n<meta property=\"og:title\" content=\"Komplexn\u00e9 rie\u0161enie zamestnaneck\u00e9 identity v Centre pre region\u00e1lny rozvoj \u010cR &ndash; ProID\" \/>\n<meta property=\"og:description\" content=\"Stiahnite si detailn\u00e9 pr\u00edpadov\u00fa \u0161t\u00fadiu, popisuj\u00faci in\u0161tal\u00e1ciu kartov\u00e9ho centra a mnoh\u00fdch \u010fal\u0161\u00edch funkcional\u00edt v Centre pre region\u00e1lny rozvoj \u010cR.\" \/>\n<meta property=\"og:url\" content=\"https:\/\/proid.cz\/sk\/komplexne-riesenie-zamestnanecke-identity-v-centre-pre-regionalny-rozvoj-cr\/\" \/>\n<meta property=\"og:site_name\" content=\"ProID\" \/>\n<meta property=\"article:published_time\" content=\"2020-06-22T13:06:59+00:00\" \/>\n<meta property=\"article:modified_time\" content=\"2021-06-10T13:30:21+00:00\" \/>\n<meta property=\"og:image\" content=\"https:\/\/proid.cz\/wp-content\/uploads\/2020\/06\/pripadova-studie-3.jpg\" \/>\n\t<meta property=\"og:image:width\" content=\"2048\" \/>\n\t<meta property=\"og:image:height\" content=\"1447\" \/>\n\t<meta property=\"og:image:type\" content=\"image\/jpeg\" \/>\n<meta name=\"author\" content=\"Ivo Vr\u00e1na\" \/>\n<meta name=\"twitter:card\" content=\"summary_large_image\" \/>\n<meta name=\"twitter:label1\" content=\"Autor\" \/>\n\t<meta name=\"twitter:data1\" content=\"Ivo Vr\u00e1na\" \/>\n\t<meta name=\"twitter:label2\" content=\"Predpokladan\u00fd \u010das \u010d\u00edtania\" \/>\n\t<meta name=\"twitter:data2\" content=\"1 min\u00fata\" \/>\n<script type=\"application\/ld+json\" class=\"yoast-schema-graph\">{\"@context\":\"https:\/\/schema.org\",\"@graph\":[{\"@type\":\"Article\",\"@id\":\"https:\/\/proid.cz\/sk\/komplexne-riesenie-zamestnanecke-identity-v-centre-pre-regionalny-rozvoj-cr\/#article\",\"isPartOf\":{\"@id\":\"https:\/\/proid.cz\/sk\/komplexne-riesenie-zamestnanecke-identity-v-centre-pre-regionalny-rozvoj-cr\/\"},\"author\":{\"name\":\"Ivo Vr\u00e1na\",\"@id\":\"https:\/\/proid.cz\/sk\/#\/schema\/person\/c96348fffe68529d0af6287b6cf3683b\"},\"headline\":\"Komplexn\u00e9 rie\u0161enie zamestnaneck\u00e9 identity v&nbsp;Centre pre region\u00e1lny rozvoj \u010cR\",\"datePublished\":\"2020-06-22T13:06:59+00:00\",\"dateModified\":\"2021-06-10T13:30:21+00:00\",\"mainEntityOfPage\":{\"@id\":\"https:\/\/proid.cz\/sk\/komplexne-riesenie-zamestnanecke-identity-v-centre-pre-regionalny-rozvoj-cr\/\"},\"wordCount\":226,\"publisher\":{\"@id\":\"https:\/\/proid.cz\/sk\/#organization\"},\"keywords\":[\"\u010cipov\u00e9 karty\",\"Elektronick\u00fd podpis\",\"Ostatn\u00ed obory\",\"St\u00e1tn\u00ed spr\u00e1va\"],\"articleSection\":[\"Blog\",\"Bro\u017eury a e-booky\",\"P\u0159\u00edpadov\u00e9 Studie\"],\"inLanguage\":\"sk-SK\"},{\"@type\":\"WebPage\",\"@id\":\"https:\/\/proid.cz\/sk\/komplexne-riesenie-zamestnanecke-identity-v-centre-pre-regionalny-rozvoj-cr\/\",\"url\":\"https:\/\/proid.cz\/sk\/komplexne-riesenie-zamestnanecke-identity-v-centre-pre-regionalny-rozvoj-cr\/\",\"name\":\"Komplexn\u00e9 rie\u0161enie zamestnaneck\u00e9 identity v Centre pre region\u00e1lny rozvoj \u010cR &ndash; ProID\",\"isPartOf\":{\"@id\":\"https:\/\/proid.cz\/sk\/#website\"},\"datePublished\":\"2020-06-22T13:06:59+00:00\",\"dateModified\":\"2021-06-10T13:30:21+00:00\",\"description\":\"Stiahnite si detailn\u00e9 pr\u00edpadov\u00fa \u0161t\u00fadiu, popisuj\u00faci in\u0161tal\u00e1ciu kartov\u00e9ho centra a mnoh\u00fdch \u010fal\u0161\u00edch funkcional\u00edt v Centre pre region\u00e1lny rozvoj \u010cR.\",\"breadcrumb\":{\"@id\":\"https:\/\/proid.cz\/sk\/komplexne-riesenie-zamestnanecke-identity-v-centre-pre-regionalny-rozvoj-cr\/#breadcrumb\"},\"inLanguage\":\"sk-SK\",\"potentialAction\":[{\"@type\":\"ReadAction\",\"target\":[\"https:\/\/proid.cz\/sk\/komplexne-riesenie-zamestnanecke-identity-v-centre-pre-regionalny-rozvoj-cr\/\"]}]},{\"@type\":\"BreadcrumbList\",\"@id\":\"https:\/\/proid.cz\/sk\/komplexne-riesenie-zamestnanecke-identity-v-centre-pre-regionalny-rozvoj-cr\/#breadcrumb\",\"itemListElement\":[{\"@type\":\"ListItem\",\"position\":1,\"name\":\"Dom\u016f\",\"item\":\"https:\/\/proid.cz\/sk\/\"},{\"@type\":\"ListItem\",\"position\":2,\"name\":\"Komplexn\u00e9 rie\u0161enie zamestnaneck\u00e9 identity v&nbsp;Centre pre region\u00e1lny rozvoj \u010cR\"}]},{\"@type\":\"WebSite\",\"@id\":\"https:\/\/proid.cz\/sk\/#website\",\"url\":\"https:\/\/proid.cz\/sk\/\",\"name\":\"ProID\",\"description\":\"Enterprise \u0159e\u0161en\u00ed pro spolehlivou zam\u011bstnaneckou identitu s PKI\",\"publisher\":{\"@id\":\"https:\/\/proid.cz\/sk\/#organization\"},\"potentialAction\":[{\"@type\":\"SearchAction\",\"target\":{\"@type\":\"EntryPoint\",\"urlTemplate\":\"https:\/\/proid.cz\/sk\/?s={search_term_string}\"},\"query-input\":\"required name=search_term_string\"}],\"inLanguage\":\"sk-SK\"},{\"@type\":\"Organization\",\"@id\":\"https:\/\/proid.cz\/sk\/#organization\",\"name\":\"ProID by MONET+\",\"url\":\"https:\/\/proid.cz\/sk\/\",\"logo\":{\"@type\":\"ImageObject\",\"inLanguage\":\"sk-SK\",\"@id\":\"https:\/\/proid.cz\/sk\/#\/schema\/logo\/image\/\",\"url\":\"https:\/\/proid.cz\/wp-content\/uploads\/2021\/06\/logo_proid_1200x1200_white-680.png\",\"contentUrl\":\"https:\/\/proid.cz\/wp-content\/uploads\/2021\/06\/logo_proid_1200x1200_white-680.png\",\"width\":680,\"height\":680,\"caption\":\"ProID by MONET+\"},\"image\":{\"@id\":\"https:\/\/proid.cz\/sk\/#\/schema\/logo\/image\/\"}},{\"@type\":\"Person\",\"@id\":\"https:\/\/proid.cz\/sk\/#\/schema\/person\/c96348fffe68529d0af6287b6cf3683b\",\"name\":\"Ivo Vr\u00e1na\",\"image\":{\"@type\":\"ImageObject\",\"inLanguage\":\"sk-SK\",\"@id\":\"https:\/\/proid.cz\/sk\/#\/schema\/person\/image\/\",\"url\":\"https:\/\/secure.gravatar.com\/avatar\/9ef1e58a98bd86cfa05ba068e0234473?s=96&d=mm&r=g\",\"contentUrl\":\"https:\/\/secure.gravatar.com\/avatar\/9ef1e58a98bd86cfa05ba068e0234473?s=96&d=mm&r=g\",\"caption\":\"Ivo Vr\u00e1na\"},\"description\":\"Product Marketing Manager\",\"sameAs\":[\"https:\/\/cz.linkedin.com\/in\/ivovrana\"]}]}<\/script>\n<!-- \/ Yoast SEO plugin. -->","yoast_head_json":{"title":"Komplexn\u00e9 rie\u0161enie zamestnaneck\u00e9 identity v Centre pre region\u00e1lny rozvoj \u010cR &ndash; ProID","description":"Stiahnite si detailn\u00e9 pr\u00edpadov\u00fa \u0161t\u00fadiu, popisuj\u00faci in\u0161tal\u00e1ciu kartov\u00e9ho centra a mnoh\u00fdch \u010fal\u0161\u00edch funkcional\u00edt v Centre pre region\u00e1lny rozvoj \u010cR.","robots":{"index":"index","follow":"follow","max-snippet":"max-snippet:-1","max-image-preview":"max-image-preview:large","max-video-preview":"max-video-preview:-1"},"canonical":"https:\/\/proid.cz\/sk\/komplexne-riesenie-zamestnanecke-identity-v-centre-pre-regionalny-rozvoj-cr\/","og_locale":"sk_SK","og_type":"article","og_title":"Komplexn\u00e9 rie\u0161enie zamestnaneck\u00e9 identity v Centre pre region\u00e1lny rozvoj \u010cR &ndash; ProID","og_description":"Stiahnite si detailn\u00e9 pr\u00edpadov\u00fa \u0161t\u00fadiu, popisuj\u00faci in\u0161tal\u00e1ciu kartov\u00e9ho centra a mnoh\u00fdch \u010fal\u0161\u00edch funkcional\u00edt v Centre pre region\u00e1lny rozvoj \u010cR.","og_url":"https:\/\/proid.cz\/sk\/komplexne-riesenie-zamestnanecke-identity-v-centre-pre-regionalny-rozvoj-cr\/","og_site_name":"ProID","article_published_time":"2020-06-22T13:06:59+00:00","article_modified_time":"2021-06-10T13:30:21+00:00","og_image":[{"width":2048,"height":1447,"url":"https:\/\/proid.cz\/wp-content\/uploads\/2020\/06\/pripadova-studie-3.jpg","type":"image\/jpeg"}],"author":"Ivo Vr\u00e1na","twitter_card":"summary_large_image","twitter_misc":{"Autor":"Ivo Vr\u00e1na","Predpokladan\u00fd \u010das \u010d\u00edtania":"1 min\u00fata"},"schema":{"@context":"https:\/\/schema.org","@graph":[{"@type":"Article","@id":"https:\/\/proid.cz\/sk\/komplexne-riesenie-zamestnanecke-identity-v-centre-pre-regionalny-rozvoj-cr\/#article","isPartOf":{"@id":"https:\/\/proid.cz\/sk\/komplexne-riesenie-zamestnanecke-identity-v-centre-pre-regionalny-rozvoj-cr\/"},"author":{"name":"Ivo Vr\u00e1na","@id":"https:\/\/proid.cz\/sk\/#\/schema\/person\/c96348fffe68529d0af6287b6cf3683b"},"headline":"Komplexn\u00e9 rie\u0161enie zamestnaneck\u00e9 identity v&nbsp;Centre pre region\u00e1lny rozvoj \u010cR","datePublished":"2020-06-22T13:06:59+00:00","dateModified":"2021-06-10T13:30:21+00:00","mainEntityOfPage":{"@id":"https:\/\/proid.cz\/sk\/komplexne-riesenie-zamestnanecke-identity-v-centre-pre-regionalny-rozvoj-cr\/"},"wordCount":226,"publisher":{"@id":"https:\/\/proid.cz\/sk\/#organization"},"keywords":["\u010cipov\u00e9 karty","Elektronick\u00fd podpis","Ostatn\u00ed obory","St\u00e1tn\u00ed spr\u00e1va"],"articleSection":["Blog","Bro\u017eury a e-booky","P\u0159\u00edpadov\u00e9 Studie"],"inLanguage":"sk-SK"},{"@type":"WebPage","@id":"https:\/\/proid.cz\/sk\/komplexne-riesenie-zamestnanecke-identity-v-centre-pre-regionalny-rozvoj-cr\/","url":"https:\/\/proid.cz\/sk\/komplexne-riesenie-zamestnanecke-identity-v-centre-pre-regionalny-rozvoj-cr\/","name":"Komplexn\u00e9 rie\u0161enie zamestnaneck\u00e9 identity v Centre pre region\u00e1lny rozvoj \u010cR &ndash; ProID","isPartOf":{"@id":"https:\/\/proid.cz\/sk\/#website"},"datePublished":"2020-06-22T13:06:59+00:00","dateModified":"2021-06-10T13:30:21+00:00","description":"Stiahnite si detailn\u00e9 pr\u00edpadov\u00fa \u0161t\u00fadiu, popisuj\u00faci in\u0161tal\u00e1ciu kartov\u00e9ho centra a mnoh\u00fdch \u010fal\u0161\u00edch funkcional\u00edt v Centre pre region\u00e1lny rozvoj \u010cR.","breadcrumb":{"@id":"https:\/\/proid.cz\/sk\/komplexne-riesenie-zamestnanecke-identity-v-centre-pre-regionalny-rozvoj-cr\/#breadcrumb"},"inLanguage":"sk-SK","potentialAction":[{"@type":"ReadAction","target":["https:\/\/proid.cz\/sk\/komplexne-riesenie-zamestnanecke-identity-v-centre-pre-regionalny-rozvoj-cr\/"]}]},{"@type":"BreadcrumbList","@id":"https:\/\/proid.cz\/sk\/komplexne-riesenie-zamestnanecke-identity-v-centre-pre-regionalny-rozvoj-cr\/#breadcrumb","itemListElement":[{"@type":"ListItem","position":1,"name":"Dom\u016f","item":"https:\/\/proid.cz\/sk\/"},{"@type":"ListItem","position":2,"name":"Komplexn\u00e9 rie\u0161enie zamestnaneck\u00e9 identity v&nbsp;Centre pre region\u00e1lny rozvoj \u010cR"}]},{"@type":"WebSite","@id":"https:\/\/proid.cz\/sk\/#website","url":"https:\/\/proid.cz\/sk\/","name":"ProID","description":"Enterprise \u0159e\u0161en\u00ed pro spolehlivou zam\u011bstnaneckou identitu s PKI","publisher":{"@id":"https:\/\/proid.cz\/sk\/#organization"},"potentialAction":[{"@type":"SearchAction","target":{"@type":"EntryPoint","urlTemplate":"https:\/\/proid.cz\/sk\/?s={search_term_string}"},"query-input":"required name=search_term_string"}],"inLanguage":"sk-SK"},{"@type":"Organization","@id":"https:\/\/proid.cz\/sk\/#organization","name":"ProID by MONET+","url":"https:\/\/proid.cz\/sk\/","logo":{"@type":"ImageObject","inLanguage":"sk-SK","@id":"https:\/\/proid.cz\/sk\/#\/schema\/logo\/image\/","url":"https:\/\/proid.cz\/wp-content\/uploads\/2021\/06\/logo_proid_1200x1200_white-680.png","contentUrl":"https:\/\/proid.cz\/wp-content\/uploads\/2021\/06\/logo_proid_1200x1200_white-680.png","width":680,"height":680,"caption":"ProID by MONET+"},"image":{"@id":"https:\/\/proid.cz\/sk\/#\/schema\/logo\/image\/"}},{"@type":"Person","@id":"https:\/\/proid.cz\/sk\/#\/schema\/person\/c96348fffe68529d0af6287b6cf3683b","name":"Ivo Vr\u00e1na","image":{"@type":"ImageObject","inLanguage":"sk-SK","@id":"https:\/\/proid.cz\/sk\/#\/schema\/person\/image\/","url":"https:\/\/secure.gravatar.com\/avatar\/9ef1e58a98bd86cfa05ba068e0234473?s=96&d=mm&r=g","contentUrl":"https:\/\/secure.gravatar.com\/avatar\/9ef1e58a98bd86cfa05ba068e0234473?s=96&d=mm&r=g","caption":"Ivo Vr\u00e1na"},"description":"Product Marketing Manager","sameAs":["https:\/\/cz.linkedin.com\/in\/ivovrana"]}]}},"_links":{"self":[{"href":"https:\/\/proid.cz\/sk\/wp-json\/wp\/v2\/posts\/7908"}],"collection":[{"href":"https:\/\/proid.cz\/sk\/wp-json\/wp\/v2\/posts"}],"about":[{"href":"https:\/\/proid.cz\/sk\/wp-json\/wp\/v2\/types\/post"}],"author":[{"embeddable":true,"href":"https:\/\/proid.cz\/sk\/wp-json\/wp\/v2\/users\/1"}],"replies":[{"embeddable":true,"href":"https:\/\/proid.cz\/sk\/wp-json\/wp\/v2\/comments?post=7908"}],"version-history":[{"count":0,"href":"https:\/\/proid.cz\/sk\/wp-json\/wp\/v2\/posts\/7908\/revisions"}],"wp:featuredmedia":[{"embeddable":true,"href":"https:\/\/proid.cz\/sk\/wp-json\/wp\/v2\/media\/7909"}],"wp:attachment":[{"href":"https:\/\/proid.cz\/sk\/wp-json\/wp\/v2\/media?parent=7908"}],"wp:term":[{"taxonomy":"category","embeddable":true,"href":"https:\/\/proid.cz\/sk\/wp-json\/wp\/v2\/categories?post=7908"},{"taxonomy":"post_tag","embeddable":true,"href":"https:\/\/proid.cz\/sk\/wp-json\/wp\/v2\/tags?post=7908"}],"curies":[{"name":"wp","href":"https:\/\/api.w.org\/{rel}","templated":true}]}}